{"id":1085,"date":"2015-10-26T12:02:34","date_gmt":"2015-10-26T12:02:34","guid":{"rendered":"https:\/\/sosnk.org\/?p=1085"},"modified":"2016-12-21T14:36:04","modified_gmt":"2016-12-21T13:36:04","slug":"u-niksicu-odrzana-konferencija-za-medije-o-radu-nacionalne-sos-linije","status":"publish","type":"post","link":"https:\/\/sosnk.org\/en\/u-niksicu-odrzana-konferencija-za-medije-o-radu-nacionalne-sos-linije\/","title":{"rendered":"A social media conference on work of national SOS helpline held in Nik\u0161i\u0107u"},"content":{"rendered":"<p style=\"text-align: justify;\">Today in Nik\u0161i\u0107 there was a social media conference held in the Municipal Assembly\u00a0Nik\u0161i\u0107. During the conference the following officials gave the speech: mayor of\u00a0Nik\u0161i\u0107, Mr.\u00a0Veselin Grbovi\u0107, Mrs.\u00a0Zorica Kova\u010devi\u0107, minister of work and social care, Mrs.\u00a0Fiona Mekluni, coordinator of UN system and the UNDP representative in Montenegro, Mr.\u00a0Danijel Hurdado Domunguez, coordinator for collaboration of EU Delegation in Montenegro, Mrs.\u00a0<span class=\"text_exposed_show\">Sonja Nik\u010devi\u0107, president of\u00a0Municipal Assembly\u00a0Nik\u0161i\u0107 and Mrs.\u00a0<\/span><span class=\"text_exposed_show\">Nata\u0161a Me\u0111edovi\u0107, executive coordinator NGO SOS Hotline Nik\u0161i\u0107.<\/span><\/p>\n<p style=\"text-align: justify;\">During the conference, the speakers pointed out work of the National SOS Line as well as the importance of this support and protection service.<\/p>\n<div id='gallery-2' class='gallery galleryid-1085 gallery-columns-2 gallery-size-thumbnail'><figure class='gallery-item'>\n\t\t\t<div class='gallery-icon landscape'>\n\t\t\t\t<a href='https:\/\/sosnk.org\/en\/u-niksicu-odrzana-konferencija-za-medije-o-radu-nacionalne-sos-linije\/sl_67\/'><img width=\"150\" height=\"150\" src=\"https:\/\/sosnk.org\/wp-content\/uploads\/2016\/08\/SL_67-150x150.jpg\" class=\"attachment-thumbnail size-thumbnail\" alt=\"\" loading=\"lazy\" \/><\/a>\n\t\t\t<\/div><\/figure><figure class='gallery-item'>\n\t\t\t<div class='gallery-icon landscape'>\n\t\t\t\t<a href='https:\/\/sosnk.org\/en\/u-niksicu-odrzana-konferencija-za-medije-o-radu-nacionalne-sos-linije\/12186545_1713090455640205_5970679868968302185_o\/'><img width=\"150\" height=\"150\" src=\"https:\/\/sosnk.org\/wp-content\/uploads\/2016\/08\/12186545_1713090455640205_5970679868968302185_o-150x150.jpg\" class=\"attachment-thumbnail size-thumbnail\" alt=\"\" loading=\"lazy\" \/><\/a>\n\t\t\t<\/div><\/figure>\n\t\t<\/div>","protected":false},"excerpt":{"rendered":"<p>Today in Nik\u0161i\u0107 there was a social media conference held in the Municipal Assembly\u00a0Nik\u0161i\u0107. During the conference the following officials gave the speech: mayor of\u00a0Nik\u0161i\u0107, Mr.\u00a0Veselin Grbovi\u0107, Mrs.\u00a0Zorica Kova\u010devi\u0107, minister of work and social care, Mrs.\u00a0Fiona Mekluni, coordinator of UN system and the UNDP representative in Montenegro, Mr.\u00a0Danijel Hurdado Domunguez, coordinator for collaboration of EU &#8230;<\/p>\n","protected":false},"author":6716,"featured_media":1092,"comment_status":"open","ping_status":"open","sticky":false,"template":"","format":"standard","meta":[],"categories":[44],"tags":[],"_links":{"self":[{"href":"https:\/\/sosnk.org\/en\/wp-json\/wp\/v2\/posts\/1085"}],"collection":[{"href":"https:\/\/sosnk.org\/en\/wp-json\/wp\/v2\/posts"}],"about":[{"href":"https:\/\/sosnk.org\/en\/wp-json\/wp\/v2\/types\/post"}],"author":[{"embeddable":true,"href":"https:\/\/sosnk.org\/en\/wp-json\/wp\/v2\/users\/6716"}],"replies":[{"embeddable":true,"href":"https:\/\/sosnk.org\/en\/wp-json\/wp\/v2\/comments?post=1085"}],"version-history":[{"count":0,"href":"https:\/\/sosnk.org\/en\/wp-json\/wp\/v2\/posts\/1085\/revisions"}],"wp:featuredmedia":[{"embeddable":true,"href":"https:\/\/sosnk.org\/en\/wp-json\/wp\/v2\/media\/1092"}],"wp:attachment":[{"href":"https:\/\/sosnk.org\/en\/wp-json\/wp\/v2\/media?parent=1085"}],"wp:term":[{"taxonomy":"category","embeddable":true,"href":"https:\/\/sosnk.org\/en\/wp-json\/wp\/v2\/categories?post=1085"},{"taxonomy":"post_tag","embeddable":true,"href":"https:\/\/sosnk.org\/en\/wp-json\/wp\/v2\/tags?post=1085"}],"curies":[{"name":"wp","href":"https:\/\/api.w.org\/{rel}","templated":true}]}}